{"id":661,"date":"2025-07-02T14:10:56","date_gmt":"2025-07-02T14:10:56","guid":{"rendered":"https:\/\/islandrover.is\/?p=661"},"modified":"2025-07-20T11:49:37","modified_gmt":"2025-07-20T11:49:37","slug":"land-rover-a-islandi","status":"publish","type":"post","link":"https:\/\/islandrover.is\/en\/land-rover-a-islandi\/","title":{"rendered":"Land Rover in Iceland"},"content":{"rendered":"<h3 class=\"wp-block-heading\">Sigf\u00fas Bjarnason and the beginning of Hekla<\/h3>\n\n\n\n<h5 class=\"wp-block-heading\">Hekla will turn 90 next year, and the Volkswagen dealership in Iceland will celebrate its 70th anniversary in a few days.<\/h5>\n\n\n\n<p>Recently, photos appeared of the demolition of the oldest buildings on the \u201eHekla Plot\u201c on Laugavegur. The decades-long history of the company at this location is soon coming to an end, and Hekla will be moving to a new location in Gar\u00f0ab\u00e6r.<\/p>\n\n\n\n<blockquote class=\"wp-block-quote is-layout-flow wp-block-quote-is-layout-flow\">\n<p><strong>We have previously covered some of the influential figures in the automotive industry at the dawn of the automobile age, but now it's time for the beginning of Hekla and its founder, Sigf\u00fas Bjarna-son, with a brief overview of the start.<\/strong><\/p>\n<\/blockquote>\n\n\n\n<p>Sigf\u00fas Bergmann Bjarnason came from a poor environment in N\u00fapsdalstunga, where he was born on May 4, 1913.<\/p>\n\n\n\n<p>Sigf\u00fas came at a young age, fresh from his studies at Reykjask\u00f3li in Hr\u00fatafj\u00f6r\u00f0ur, first heading south to Reykjav\u00edk, not wealthy in worldly riches but all the more so in strength and diligence. He had so many things he wanted and intended to do.<\/p>\n\n\n\n<p>Soon, he began studying both accounting and languages, but at the same time, he started working in fish processing for Kveld\u00falfur. With him was, among others, a young man from out of town, who would go on to found the wholesale company Hekla h.f. with him, and that was Magn\u00fas V\u00edglundsson, later a wholesaler. These two men both had an unwavering faith in the future and their own industriousness, even though their capital was scarce.<\/p>\n\n\n\n<h3 class=\"wp-block-heading\">Hekla founded in 1933<\/h3>\n\n\n\n<p>Sigf\u00fas and Magn\u00fas founded the wholesaler Hekla in 1933, and their first transaction was the import of fruit from Spain.<\/p>\n\n\n\n<p>The partners ended their partnership in 1940, and from then on, the further development of Hekla began under the management of Sigf\u00fas.<\/p>\n\n\n\n<p>Sigf\u00fas's next step was to establish Hekla Electrical Appliance Store, which was run for many years and was a major importer and retailer of electrical and household appliances.<\/p>\n\n\n\n<p>In the following years, numerous business relationships were established, including with Kenwood and Caterpillar.<\/p>\n\n\n\n<h3 class=\"wp-block-heading\">P. Stefansson makes his entrance<\/h3>\n\n\n\n<p>In 1952, Sigf\u00fas becomes the managing director and principal owner of P. Stef\u00e1nsson h.f., thereby entering the business of selling cars and related services.<\/p>\n\n\n\n<p>This company had been prominent in the automotive industry in Reykjavik for years, in both car repairs and car imports.<\/p>\n\n\n\n<h3 class=\"wp-block-heading\">Land Rover comes to Iceland<\/h3>\n\n\n\n<p>As early as 1951, when the Land Rover jeep became a hit in Europe, the Hekla wholesaler began importing it. Since then, many thousands of Land Rover vehicles have been imported, and several of them are still in full use.<\/p>\n\n\n\n<figure class=\"wp-block-image\"><a href=\"https:\/\/uploads-ssl.webflow.com\/5d7552387a6dfa8251256682\/637bddbad0491b36b00cf0a5_Sigf%C3%BAs_Bjarnason-mynd-1.jpg\"><img decoding=\"async\" src=\"https:\/\/uploads-ssl.webflow.com\/5d7552387a6dfa8251256682\/637bddbad0491b36b00cf0a5_Sigf%C3%BAs_Bjarnason-mynd-1.jpg\" alt=\"\"\/><\/a><figcaption class=\"wp-element-caption\"><strong>Sigf\u00fas Bjarnason, founder and owner of the wholesaler Hekla, is here with the first Land Rover brought into the country in 1951.<\/strong><\/figcaption><\/figure>\n\n\n\n<p><strong>At that time, a permit was required to import and purchase cars, and a news article in Morgunbla\u00f0i\u00f0 on Saturday, May 26, 1951, states:<\/strong><\/p>\n\n\n\n<p><strong>Three thousand applied for 115 jeeps \u2013 the English ones were the most sought-after.<\/strong><\/p>\n\n\n\n<p><strong>\u201eThe committee responsible for the allocation of the jeeps authorized by the Finance Council has long since completed its work. The Council authorized 115 vehicles, but 3,000 applications were received for them.<\/strong><\/p>\n\n\n\n<p><strong>Of these 115 jeeps, just over 90 will be Land Rovers, which are manufactured in Britain.<\/strong><\/p>\n\n\n\n<p><strong>Land Rover's local agent, the wholesaler Hekla, informed reporters of this yesterday. The first car has now arrived in the country, and it was shown to reporters yesterday.<\/strong><\/p>\n\n\n\n<p><strong>Of the 115 jeeps that the Finance Council authorized for import, a total of about 60 go to farmers, including 60 Land Rovers. The others go to agricultural associations, doctors, midwives, and priests.<\/strong><\/p>\n\n\n\n<p><strong>The Hekla department store hopes that all the cars will be here by the end of July. The factory believes it can clear the last of the cars for shipment around July 15th. Of course, whether their import can be completed by that time depends on shipping schedules, but every effort will be made.<\/strong><\/p>\n\n\n\n<p><strong>The Land Rover will be imported with a canopy and will then cost about 27,500 kr., but in addition, the car has a special hitch for various agricultural machinery, as well as a spare tire and seating for two next to the driver. The factory produces special housings made of an aluminum alloy, but the Finance Council did not see fit to grant a permit for these housings. \u2014 However, it will be possible to import them for boat currency, which will cost about 3,700 kr\u00f3nur.<\/strong><\/p>\n\n\n\n<p><strong>It has been a year and a half since the first Land Rover was brought to this country. \u2014 agents have been working hard to introduce the car to farmers and agricultural societies. Some changes have, of course, been made to it since then; for example, the front-wheel drive is no longer directly connected to the engine as it was in the first cars, but in all its main features, it remains the same. Experience has, of course, made various demands for improvement, as might be expected.\u201c.<\/strong><\/p>\n\n\n\n<p><strong><em>This is an excerpt from a news article in Morgunbla\u00f0i\u00f0 on May 26, 1951.<\/em><\/strong><\/p>\n\n\n\n<figure class=\"wp-block-image\"><a href=\"https:\/\/uploads-ssl.webflow.com\/5d7552387a6dfa8251256682\/637bdde880dfa8d42a71b921_hekla_LR-2_nota.jpg\"><img decoding=\"async\" src=\"https:\/\/uploads-ssl.webflow.com\/5d7552387a6dfa8251256682\/637bdde880dfa8d42a71b921_hekla_LR-2_nota.jpg\" alt=\"\"\/><\/a><figcaption class=\"wp-element-caption\"><strong>When the first Land Rover cars arrived in Iceland \u2013 Here you can see the count from the left: Arni Gestsson, assistant managing director of Hekla, and Sigf\u00fas Bjarnason, CEO; next are two prominent figures from the farmers' association at the time, Einar \u00d3lafsson of L\u00e6kjarhvammur in Reykjav\u00edk and Sverrir G\u00edslason, a farmer from Hvammur in Nor\u00f0ur\u00e1rdalur. The photo was provided by Finnbogi Eyj\u00f3lfsson of Hekla and appeared in Sigur\u00f0ur Hrei\u00f0ar's book, Saga b\u00edlsins \u00e1 \u00cdslandi 1904-2004.<\/strong><\/figcaption><\/figure>\n\n\n\n<p>The Land Rover was especially popular in rural areas, where it was used for a variety of transport tasks. For example, some farmers would name the vehicles based on how many sheep could be loaded into the rear cargo area.<\/p>\n\n\n\n<h3 class=\"wp-block-heading\">Hekla begins importing Volkswagen<\/h3>\n\n\n\n<p>Following the end of the World War, car imports in this country were greatly disrupted; some models disappeared and new ones took their place.<\/p>\n\n\n\n<p>Among the new arrivals was the Volkswagen \u201eBeetle\u201c.<\/p>\n\n\n\n<blockquote class=\"wp-block-quote is-layout-flow wp-block-quote-is-layout-flow\">\n<p><strong>Due to other business relations with Germany, Sigur\u00f0ur Bjarni Sigur\u00f0sson, CEO of Hekla, and \u00c1rni Gestsson, assistant managing director, closely monitored what Volkswagen was doing, and subsequently, \u00c1rni is said to have contacted VW and sought to obtain the dealership for Iceland.<\/strong><\/p>\n<\/blockquote>\n\n\n\n<p>This was successful, and in December 1952, a dealership agreement was signed between Hekla and VW. In a few days, it will be the 70th \u201eanniversary\u201c of VW's dealership in Iceland, as the first cars were delivered to buyers the following year.<\/p>\n\n\n\n<figure class=\"wp-block-image\"><a href=\"https:\/\/uploads-ssl.webflow.com\/5d7552387a6dfa8251256682\/637bde1b654311ed0a87776b_hekla-vw_nota.jpg\"><img decoding=\"async\" src=\"https:\/\/uploads-ssl.webflow.com\/5d7552387a6dfa8251256682\/637bde1b654311ed0a87776b_hekla-vw_nota.jpg\" alt=\"\"\/><\/a><figcaption class=\"wp-element-caption\"><strong>In Volkswagen's early years, long lines of the \u201eBeetle\u201c could often be seen in front of Hekla on Laugavegur. Photo courtesy of Finnbogi Eyj\u00f3lfsson and which&nbsp;<em>Appeared in Sigur\u00f0ur Hrei\u00f0arsson's book, Saga of the Car in Iceland 1904-2004.<\/em><\/strong><\/figcaption><\/figure>\n\n\n\n<p>Many stories could be told from these early years of Volkswagen in Iceland, because I had the opportunity to work for a time with Finnbogi Eyj\u00f3lfsson, who began his career as a mechanic at Sigf\u00fas, later became a shop foreman, and then a press officer for Hekla, and he told many good stories from those years.<\/p>\n\n\n\n<blockquote class=\"wp-block-quote is-layout-flow wp-block-quote-is-layout-flow\">\n<p><strong>Sigf\u00fas Bjarnason passed away in 1967 at the prime of his life, at only 54 years old, but his sons, Ingimundur, Sverrir, and Sigf\u00fas Jr., took over and ran the company with great success for many years.<\/strong><\/p>\n<\/blockquote>\n\n\n\n<p>Ingimundur moved on to other ventures, becoming an ambassador among other things, but Sverrir and Sigf\u00fas continued until they sold the company in 2002.<\/p>\n\n\n\n<h3 class=\"wp-block-heading\">Memorable man<\/h3>\n\n\n\n<p>Sigf\u00fas Bjarnason was a man who everyone noticed wherever he went. I remember Sigf\u00fas Bjarnason well, and I met him quite often when I was a boy. My maternal grandfather, \u00c1rni G. Eylands, was good friends with Sigf\u00fas and, not least, with \u00c1rni Getsson, the assistant manager of Hekla, because of the import of agricultural equipment from Norway.<\/p>\n\n\n\n<p>I remember being startled when I met Sigf\u00fas for the first time, in the fall of 1955. Grandpa and I had arrived at Sigf\u00fas's office and were waiting for him, when suddenly I heard a voice behind me: \"What's your name, young man?\" And the voice startled me!<\/p>\n\n\n\n<p>But it quickly became clear that he was a really nice guy, and he and Grandpa Sigf\u00fas were soon deep in conversation about farm equipment, and Sigf\u00fas was considering whether he should get the latest Br\u00f6yt loader, which Grandpa and I had looked at in Norway over the summer, but he was thinking of using it on his farm north of \u00deingeyrar. And there were a few more visits to Sigf\u00fas, including one time to \u00deingeyrar on the way to H\u00f3lar in Hjaltadal one year.<\/p>\n\n\n\n<p>But events unfolded so that \u00c1rni Getsson left Hekla and founded his own company, Gl\u00f3bus, and the agricultural equipment moved with him, so the trips to Sigf\u00fasar came to an end.<\/p>\n\n\n\n<h3 class=\"wp-block-heading\">\u201eThose who fish, catch fish.\u201c<\/h3>\n\n\n\n<p>Sigf\u00fas Bjarnason always knew well that you had to work hard to succeed, and the saying \u201ethose who fish, reap\u201c was dear to him, so much so that when I worked for the company around the turn of the millennium, you could see carved planks with this saying on them on the wall.<\/p>\n\n\n\n<p><strong>(Sources: obituary for Sigf\u00fas Bjarnason, newspaper articles, and more)<\/strong><\/p>\n\n\n\n<p><strong>Compiled by Johannes Reykdal. First published on B\u00edlablogg.is<\/strong><\/p>","protected":false},"excerpt":{"rendered":"<p>Recently, photos appeared of the demolition of the oldest buildings on the \u201eHekla Plot\u201c on Laugavegur. The decades-long history of the company at this location is soon coming to an end, and Hekla will be moving to a new location in Gar\u00f0ab\u00e6r.<\/p>","protected":false},"author":1,"featured_media":662,"comment_status":"open","ping_status":"open","sticky":false,"template":"","format":"standard","meta":{"footnotes":""},"categories":[15],"tags":[],"class_list":["post-661","post","type-post","status-publish","format-standard","has-post-thumbnail","hentry","category-greinar"],"_links":{"self":[{"href":"https:\/\/islandrover.is\/en\/wp-json\/wp\/v2\/posts\/661","targetHints":{"allow":["GET"]}}],"collection":[{"href":"https:\/\/islandrover.is\/en\/wp-json\/wp\/v2\/posts"}],"about":[{"href":"https:\/\/islandrover.is\/en\/wp-json\/wp\/v2\/types\/post"}],"author":[{"embeddable":true,"href":"https:\/\/islandrover.is\/en\/wp-json\/wp\/v2\/users\/1"}],"replies":[{"embeddable":true,"href":"https:\/\/islandrover.is\/en\/wp-json\/wp\/v2\/comments?post=661"}],"version-history":[{"count":4,"href":"https:\/\/islandrover.is\/en\/wp-json\/wp\/v2\/posts\/661\/revisions"}],"predecessor-version":[{"id":729,"href":"https:\/\/islandrover.is\/en\/wp-json\/wp\/v2\/posts\/661\/revisions\/729"}],"wp:featuredmedia":[{"embeddable":true,"href":"https:\/\/islandrover.is\/en\/wp-json\/wp\/v2\/media\/662"}],"wp:attachment":[{"href":"https:\/\/islandrover.is\/en\/wp-json\/wp\/v2\/media?parent=661"}],"wp:term":[{"taxonomy":"category","embeddable":true,"href":"https:\/\/islandrover.is\/en\/wp-json\/wp\/v2\/categories?post=661"},{"taxonomy":"post_tag","embeddable":true,"href":"https:\/\/islandrover.is\/en\/wp-json\/wp\/v2\/tags?post=661"}],"curies":[{"name":"word per minute","href":"https:\/\/api.w.org\/{rel}","templated":true}]}}